{"id":352,"date":"2014-06-10T09:49:43","date_gmt":"2014-06-10T07:49:43","guid":{"rendered":"http:\/\/www.pevik.hu\/?p=352"},"modified":"2021-06-10T15:41:07","modified_gmt":"2021-06-10T13:41:07","slug":"352","status":"publish","type":"post","link":"https:\/\/www.pevik.hu\/?p=352","title":{"rendered":"Jogszab\u00e1lyok"},"content":{"rendered":"\n<h2 class=\"wp-block-heading\">Az NHKV Zrt. \u00e1ltal felsorolt, a hullad\u00e9kgazd\u00e1lkod\u00e1si k\u00f6zszolg\u00e1ltat\u00e1st szab\u00e1lyoz\u00f3 f\u0151bb jogszab\u00e1lyi \u00e9s egy\u00e9b el\u0151\u00edr\u00e1sok:<\/h2>\n\n\n\n<ul class=\"wp-block-list\"><li>2008\/98\/EK eur\u00f3pai parlamenti \u00e9s tan\u00e1csi ir\u00e1nyelv a hullad\u00e9kr\u00f3l \u00e9s egyes ir\u00e1nyelvek hat\u00e1lyon k\u00edv\u00fcl helyez\u00e9s\u00e9r\u0151l<\/li><li>2018\/851 eur\u00f3pai parlamenti \u00e9s tan\u00e1csi ir\u00e1nyelv a hullad\u00e9kokr\u00f3l sz\u00f3l\u00f3 2008\/98\/EK ir\u00e1nyelv m\u00f3dos\u00edt\u00e1s\u00e1r\u00f3l<\/li><li>1999\/31\/EK tan\u00e1csi ir\u00e1nyelv a hullad\u00e9klerak\u00f3kr\u00f3l<\/li><li>2018\/850 eur\u00f3pai parlamenti \u00e9s tan\u00e1csi ir\u00e1nyelv a hullad\u00e9klerak\u00f3kr\u00f3l sz\u00f3l\u00f3 1999\/31\/EK ir\u00e1nyelv m\u00f3dos\u00edt\u00e1s\u00e1r\u00f3l<\/li><li>94\/62\/EK eur\u00f3pai parlamenti \u00e9s a tan\u00e1csi ir\u00e1nyelv a csomagol\u00e1sr\u00f3l \u00e9s a csomagol\u00e1si hullad\u00e9kr\u00f3l<\/li><li>2018\/852 eur\u00f3pai parlamenti \u00e9s tan\u00e1csi ir\u00e1nyelv a csomagol\u00e1sr\u00f3l \u00e9s a csomagol\u00e1si hullad\u00e9kr\u00f3l sz\u00f3l\u00f3 94\/62\/EK ir\u00e1nyelv m\u00f3dos\u00edt\u00e1s\u00e1r\u00f3l<\/li><li>2012\/19\/EU Eur\u00f3pai Parlament \u00e9s a Tan\u00e1cs ir\u00e1nyelve az elektromos \u00e9s elektronikus berendez\u00e9sek hullad\u00e9kair\u00f3l<\/li><li>2006\/66\/EK Eur\u00f3pai Parlament \u00e9s a Tan\u00e1cs ir\u00e1nyelve az elemekr\u0151l \u00e9s akkumul\u00e1torokr\u00f3l, valamint a hullad\u00e9kelemekr\u0151l \u00e9s -akkumul\u00e1torokr\u00f3l, tov\u00e1bb\u00e1 a 91\/157\/EGK ir\u00e1nyelv hat\u00e1lyon k\u00edv\u00fcl helyez\u00e9s\u00e9r\u0151l<\/li><li>1013\/2006\/EK Eur\u00f3pai Parlament \u00e9s a Tan\u00e1cs rendelete a hullad\u00e9ksz\u00e1ll\u00edt\u00e1sr\u00f3l<\/li><li>1445\/2005\/EK Bizotts\u00e1g rendelete a hullad\u00e9kra vonatkoz\u00f3 statisztika megfelel\u0151 min\u0151s\u00e9g\u00e9rt\u00e9kel\u00e9si krit\u00e9riumainak \u00e9s a min\u0151s\u00e9gre vonatkoz\u00f3 jelent\u00e9sek tartalm\u00e1nak meghat\u00e1roz\u00e1s\u00e1r\u00f3l, a 2150\/2002\/EK rendelet alkalmaz\u00e1sa c\u00e9lj\u00e1b\u00f3l<\/li><li>2004\/312\/EK Tan\u00e1cs hat\u00e1rozata a Cseh K\u00f6zt\u00e1rsas\u00e1g, \u00c9sztorsz\u00e1g, Magyarorsz\u00e1g, Lettorsz\u00e1g, Litv\u00e1nia, Szlov\u00e1kia \u00e9s Szlov\u00e9nia r\u00e9sz\u00e9re az elektromos \u00e9s elektronikus berendez\u00e9sek hullad\u00e9kair\u00f3l sz\u00f3l\u00f3 2002\/96\/EK ir\u00e1nyelvt\u0151l val\u00f3 ideiglenes elt\u00e9r\u00e9sek enged\u00e9lyez\u00e9s\u00e9r\u0151l<\/li><li>2003\/33\/EK Tan\u00e1cs hat\u00e1rozata a hullad\u00e9kok hullad\u00e9klerak\u00f3kban t\u00f6rt\u00e9n\u0151 \u00e1tv\u00e9tel\u00e9nek krit\u00e9riumair\u00f3l \u00e9s elj\u00e1r\u00e1sair\u00f3l az 1999\/31\/EK ir\u00e1nyelv II. mell\u00e9klet\u00e9nek 16. cikke alapj\u00e1n<\/li><li>2150\/2002\/EK Eur\u00f3pai Parlament \u00e9s Tan\u00e1cs rendelete a hullad\u00e9kra vonatkoz\u00f3 statisztik\u00e1kr\u00f3l<\/li><li>76\/431\/EGK Bizotts\u00e1g hat\u00e1rozata a Hullad\u00e9kgazd\u00e1lkod\u00e1si Bizotts\u00e1g l\u00e9trehoz\u00e1s\u00e1r\u00f3l<\/li><li>1418\/2007\/EK Bizotts\u00e1g rendelete a 1013\/2006\/EK eur\u00f3pai parlamenti \u00e9s tan\u00e1csi rendelet III. vagy IIIA. mell\u00e9klet\u00e9ben felsorolt egyes hullad\u00e9koknak a hullad\u00e9kok hat\u00e1rokat \u00e1tl\u00e9p\u0151 sz\u00e1ll\u00edt\u00e1s\u00e1nak fel\u00fcgyelet\u00e9r\u0151l sz\u00f3l\u00f3 OECD-hat\u00e1rozat hat\u00e1lya al\u00e1 nem tartoz\u00f3 egyes orsz\u00e1gokba t\u00f6rt\u00e9n\u0151 hasznos\u00edt\u00e1si c\u00e9l\u00fa kivitel\u00e9r\u0151l<\/li><li>2012. \u00e9vi CLXXXV. t\u00f6rv\u00e9ny a hullad\u00e9kr\u00f3l<\/li><li>2013. \u00e9vi CXL. t\u00f6rv\u00e9ny a f\u00e9mkereskedelemr\u0151l<\/li><li>2013. \u00e9vi CLXXXVIII. t\u00f6rv\u00e9ny az egys\u00e9ges k\u00f6zszolg\u00e1ltat\u00f3i sz\u00e1mlak\u00e9pr\u0151l<\/li><li>2013. \u00e9vi CXXXIV. t\u00f6rv\u00e9ny egyes k\u00f6zszolg\u00e1ltat\u00e1sok ell\u00e1t\u00e1s\u00e1r\u00f3l \u00e9s az ezzel \u00f6sszef\u00fcgg\u0151 t\u00f6rv\u00e9nym\u00f3dos\u00edt\u00e1sokr\u00f3l<\/li><li>2013. \u00e9vi CXXV. t\u00f6rv\u00e9ny a hullad\u00e9kgazd\u00e1lkod\u00e1si k\u00f6zszolg\u00e1ltat\u00e1si tev\u00e9kenys\u00e9g min\u0151s\u00edt\u00e9s\u00e9r\u0151l<\/li><li>2011. \u00e9vi CXCVI. t\u00f6rv\u00e9ny a nemzeti vagyonr\u00f3l<\/li><li>2007. \u00e9vi CVI. t\u00f6rv\u00e9ny az \u00e1llami vagyonr\u00f3l<\/li><li>2011. \u00e9vi CLXXXIX. t\u00f6rv\u00e9ny Magyarorsz\u00e1g helyi \u00f6nkorm\u00e1nyzatair\u00f3l<\/li><li>2011. \u00e9vi CXII. t\u00f6rv\u00e9ny az inform\u00e1ci\u00f3s \u00f6nrendelkez\u00e9si jogr\u00f3l \u00e9s az inform\u00e1ci\u00f3szabads\u00e1gr\u00f3l<\/li><li>2009. \u00e9vi CXXII. t\u00f6rv\u00e9ny a k\u00f6ztulajdonban \u00e1ll\u00f3 gazdas\u00e1gi t\u00e1rsas\u00e1gok takar\u00e9kosabb m\u0171k\u00f6d\u00e9s\u00e9r\u0151l<\/li><li>2011. \u00e9vi LXXXV. t\u00f6rv\u00e9ny a k\u00f6rnyezetv\u00e9delmi term\u00e9kd\u00edjr\u00f3l<\/li><li>1997. \u00e9vi CLV. t\u00f6rv\u00e9ny a fogyaszt\u00f3v\u00e9delemr\u0151l<\/li><li>1995. \u00e9vi LIII. t\u00f6rv\u00e9ny a k\u00f6rnyezet v\u00e9delm\u00e9nek \u00e1ltal\u00e1nos szab\u00e1lyair\u00f3l<\/li><li>2013. \u00e9vi LIV. t\u00f6rv\u00e9ny a rezsics\u00f6kkent\u00e9sek v\u00e9grehajt\u00e1s\u00e1r\u00f3l<\/li><li>2015. \u00e9vi CXLIII. t\u00f6rv\u00e9ny a k\u00f6zbeszerz\u00e9sekr\u0151l<\/li><li>2016. \u00e9vi CL. t\u00f6rv\u00e9ny az \u00e1ltal\u00e1nos k\u00f6zigazgat\u00e1si rendtart\u00e1sr\u00f3l<\/li><li>68\/2016. (III.31.) Korm. rendelet az Orsz\u00e1gos Hullad\u00e9kgazd\u00e1lkod\u00e1si K\u00f6zszolg\u00e1ltat\u00e1si Tervre vonatkoz\u00f3 r\u00e9szletes szab\u00e1lyokr\u00f3l<\/li><li>69\/2016. (III.31.) Korm. rendelet az \u00e1llami hullad\u00e9kgazd\u00e1lkod\u00e1si k\u00f6zfeladat ell\u00e1t\u00e1s\u00e1ra l\u00e9trehozott szervezet kijel\u00f6l\u00e9s\u00e9r\u0151l, feladatk\u00f6r\u00e9r\u0151l, az adatkezel\u00e9s m\u00f3dj\u00e1r\u00f3l, valamint az adatszolg\u00e1ltat\u00e1si k\u00f6telezetts\u00e9gek r\u00e9szletes szab\u00e1lyair\u00f3l<\/li><li>385\/2014. (XII. 31.) Korm. rendelet a hullad\u00e9kgazd\u00e1lkod\u00e1si k\u00f6zszolg\u00e1ltat\u00e1si tev\u00e9kenys\u00e9g v\u00e9gz\u00e9s\u00e9nek a felt\u00e9teleir\u0151l<\/li><li>439\/2012. (XII. 29.) Korm. rendelet a hullad\u00e9kgazd\u00e1lkod\u00e1si tev\u00e9kenys\u00e9gek nyilv\u00e1ntart\u00e1sba v\u00e9tel\u00e9r\u0151l, valamint hat\u00f3s\u00e1gi enged\u00e9lyez\u00e9s\u00e9r\u0151l<\/li><li>317\/2013. (VIII. 28.) Korm. rendelet a k\u00f6zszolg\u00e1ltat\u00f3 kiv\u00e1laszt\u00e1s\u00e1r\u00f3l \u00e9s a hullad\u00e9kgazd\u00e1lkod\u00e1si k\u00f6zszolg\u00e1ltat\u00e1si szerz\u0151d\u00e9sr\u0151l<\/li><li>246\/2014. (IX. 29.) Korm. rendelet az egyes hullad\u00e9kgazd\u00e1lkod\u00e1si l\u00e9tes\u00edtm\u00e9nyek kialak\u00edt\u00e1s\u00e1nak \u00e9s \u00fczemeltet\u00e9s\u00e9nek szab\u00e1lyair\u00f3l<\/li><li>271\/2001. (XII. 21.) Korm. rendelet a hullad\u00e9kgazd\u00e1lkod\u00e1si b\u00edrs\u00e1g m\u00e9rt\u00e9k\u00e9r\u0151l, valamint kiszab\u00e1s\u00e1nak \u00e9s meg\u00e1llap\u00edt\u00e1s\u00e1nak m\u00f3dj\u00e1r\u00f3l<\/li><li>64\/2008. (III. 28.) Korm. rendelet a telep\u00fcl\u00e9si hullad\u00e9kkezel\u00e9si k\u00f6zszolg\u00e1ltat\u00e1si d\u00edj meg\u00e1llap\u00edt\u00e1s\u00e1nak r\u00e9szletes szakmai szab\u00e1lyair\u00f3l<\/li><li>71\/2015. (III. 30.) Korm. rendelet a k\u00f6rnyezetv\u00e9delmi \u00e9s term\u00e9szetv\u00e9delmi hat\u00f3s\u00e1gi \u00e9s igazgat\u00e1si feladatokat ell\u00e1t\u00f3 szervek kijel\u00f6l\u00e9s\u00e9r\u0151l<\/li><li>443\/2013. (XI. 27.) Korm. rendelet a f\u00e9mkereskedelmi tev\u00e9kenys\u00e9gr\u0151l<\/li><li>309\/2014. (XII. 11.) Korm. rendelet a hullad\u00e9kkal kapcsolatos nyilv\u00e1ntart\u00e1si \u00e9s adatszolg\u00e1ltat\u00e1si k\u00f6telezetts\u00e9gekr\u0151l<\/li><li>94\/2018. (V. 22.) Korm. rendelet a Korm\u00e1ny tagjainak feladat- \u00e9s hat\u00e1sk\u00f6r\u00e9r\u0151l<\/li><li>318\/2013. (VIII. 28.) Korm. rendelet a hullad\u00e9klerak\u00e1si j\u00e1rul\u00e9k megfizet\u00e9s\u00e9r\u0151l \u00e9s felhaszn\u00e1l\u00e1s\u00e1nak c\u00e9ljair\u00f3l<\/li><li>180\/2007. (VII.3.) Korm. rendelet az orsz\u00e1ghat\u00e1rt \u00e1tl\u00e9p\u0151 hullad\u00e9ksz\u00e1ll\u00edt\u00e1sr\u00f3l<\/li><li>310\/2013. (VIII. 16.) Korm. rendelet a hullad\u00e9kgazd\u00e1lkod\u00e1si tervekre \u00e9s a megel\u0151z\u00e9si programokra vonatkoz\u00f3 r\u00e9szletes szab\u00e1lyokr\u00f3l<\/li><li>292\/2013. (VII. 26.) Korm. rendelet a nem rendszeres hullad\u00e9ksz\u00e1ll\u00edt\u00e1s szab\u00e1lyair\u00f3l \u00e9s az ennek sor\u00e1n elj\u00e1r\u00f3 \u00e1llami szervek kijel\u00f6l\u00e9s\u00e9r\u0151l<\/li><li>225\/2015. (VIII. 7.) Korm. rendelet a vesz\u00e9lyes hullad\u00e9kkal kapcsolatos egyes tev\u00e9kenys\u00e9gek r\u00e9szletes szab\u00e1lyair\u00f3l<\/li><li>197\/2014. (VIII. 1.) Korm. rendelet az elektromos \u00e9s elektronikus berendez\u00e9sekkel kapcsolatos hullad\u00e9kgazd\u00e1lkod\u00e1si tev\u00e9kenys\u00e9gekr\u0151l<\/li><li>445\/2012. (XII. 29.) Korm. rendelet az elem- \u00e9s akkumul\u00e1torhullad\u00e9kkal kapcsolatos hullad\u00e9kgazd\u00e1lkod\u00e1si tev\u00e9kenys\u00e9gekr\u0151l<\/li><li>442\/2012. (XII. 29.) Korm. rendelet a csomagol\u00e1sr\u00f3l \u00e9s a csomagol\u00e1si hullad\u00e9kkal kapcsolatos hullad\u00e9kgazd\u00e1lkod\u00e1si tev\u00e9kenys\u00e9gekr\u0151l<\/li><li>12\/2016 (V.24.) NFM rendelet az \u00e1llami hullad\u00e9kgazd\u00e1lkod\u00e1si k\u00f6zfeladat ell\u00e1t\u00e1s\u00e1ra l\u00e9trehozott szervezet r\u00e9sz\u00e9re t\u00f6rt\u00e9n\u0151 adatszolg\u00e1ltat\u00e1s tartalm\u00e1r\u00f3l \u00e9s rendj\u00e9r\u0151l<\/li><li>13\/2016 (V.24.) NFM rendelet a Koordin\u00e1l\u00f3 szerv \u00e1ltal fizetend\u0151 hullad\u00e9kgazd\u00e1lkod\u00e1si szolg\u00e1ltat\u00e1si d\u00edjr\u00f3l<\/li><li>16\/2015. (IV. 9.) NFM rendelet a Magyar Energetikai \u00e9s K\u00f6zm\u0171-szab\u00e1lyoz\u00e1si Hivatal miniszter r\u00e9sz\u00e9re t\u00f6rt\u00e9n\u0151 hullad\u00e9kgazd\u00e1lkod\u00e1si k\u00f6zszolg\u00e1ltat\u00e1st \u00e9rint\u0151 adatszolg\u00e1ltat\u00e1s rendj\u00e9r\u0151l<\/li><li>72\/2013. (VIII. 27.) VM rendelet a hullad\u00e9kjegyz\u00e9kr\u0151l<\/li><li>95\/2013. (X. 14.) VM rendelet a hullad\u00e9kgazd\u00e1lkod\u00e1si enged\u00e9lyhez vagy nyilv\u00e1ntart\u00e1sba v\u00e9telhez k\u00f6t\u00f6tt tev\u00e9kenys\u00e9gekkel kapcsolatos fel\u00fcgyeleti d\u00edj megfizet\u00e9s\u00e9nek r\u00e9szletes szab\u00e1lyair\u00f3l<\/li><li>71\/2013. (VIII. 15.) VM rendelet a hullad\u00e9kgazd\u00e1lkod\u00e1si k\u00f6zszolg\u00e1ltat\u00e1si tev\u00e9kenys\u00e9g min\u0151s\u00edt\u00e9se ir\u00e1nti elj\u00e1r\u00e1sok\u00e9rt, valamint az igazgat\u00e1si jelleg\u0171 szolg\u00e1ltat\u00e1s\u00e9rt fizetend\u0151 igazgat\u00e1si szolg\u00e1ltat\u00e1si d\u00edjakr\u00f3l<\/li><li>145\/2012. (XII. 27.) VM rendelet a hullad\u00e9kolajjal kapcsolatos hullad\u00e9kgazd\u00e1lkod\u00e1si tev\u00e9kenys\u00e9gek r\u00e9szletes szab\u00e1lyair\u00f3l<\/li><li>29\/2014. (XI. 28.) FM rendelet a hullad\u00e9k\u00e9get\u00e9s m\u0171szaki k\u00f6vetelm\u00e9nyeir\u0151l, m\u0171k\u00f6d\u00e9si felt\u00e9teleir\u0151l \u00e9s a hullad\u00e9k\u00e9get\u00e9s technol\u00f3giai kibocs\u00e1t\u00e1si hat\u00e1r\u00e9rt\u00e9keir\u0151l<\/li><li>43\/2016. (VI. 28.) FM rendelet a hullad\u00e9kgazd\u00e1lkod\u00e1ssal kapcsolatos \u00e1rtalmatlan\u00edt\u00e1si \u00e9s hasznos\u00edt\u00e1si m\u0171veletek felsorol\u00e1s\u00e1r\u00f3l<\/li><li>103\/2003. (IX. 11.) FVM rendelet a n\u00f6v\u00e9nyv\u00e9d\u0151 szerrel szennyezett csomagol\u00f3eszk\u00f6z hullad\u00e9kok kezel\u00e9s\u00e9r\u0151l<\/li><li>23\/2003. (XII. 29.) KvVM rendelet a biohullad\u00e9k kezel\u00e9s\u00e9r\u0151l \u00e9s a komposzt\u00e1l\u00e1s m\u0171szaki k\u00f6vetelm\u00e9nyeir\u0151l<\/li><li>20\/2006. (IV. 5.) KvVM rendelet a hullad\u00e9klerak\u00e1ssal, valamint a hullad\u00e9klerak\u00f3val kapcsolatos egyes szab\u00e1lyokr\u00f3l \u00e9s felt\u00e9telekr\u0151l<\/li><li>15\/2003. (XI. 7.) KvVM rendelet a ter\u00fcleti hullad\u00e9kgazd\u00e1lkod\u00e1si tervekr\u0151l<\/li><li>1\/1986. (II. 21.) \u00c9VM\u2013E\u00fcM egy\u00fcttes rendelet a k\u00f6ztisztas\u00e1ggal \u00e9s a telep\u00fcl\u00e9si szil\u00e1rd hullad\u00e9kkal \u00f6sszef\u00fcgg\u0151 tev\u00e9kenys\u00e9gekr\u0151l<\/li><li>13\/2017. (VI. 12.) EMMI rendelet a hullad\u00e9kgazd\u00e1lkod\u00e1si k\u00f6zszolg\u00e1ltat\u00e1s k\u00f6r\u00e9be tartoz\u00f3 hullad\u00e9kkal kapcsolatos k\u00f6zeg\u00e9szs\u00e9g\u00fcgyi k\u00f6vetelm\u00e9nyekr\u0151l<\/li><li>1\/1986. (II. 21.) \u00c9VM-E\u00fcM egy\u00fcttes rendelet a k\u00f6ztisztas\u00e1ggal \u00e9s a telep\u00fcl\u00e9si szil\u00e1rd hullad\u00e9kkal \u00f6sszef\u00fcgg\u0151 tev\u00e9kenys\u00e9gekr\u0151l<\/li><li>27\/2015. (VI. 17.) OGY hat\u00e1rozat a 2015\u20132020 k\u00f6z\u00f6tti id\u0151szakra sz\u00f3l\u00f3 Nemzeti K\u00f6rnyezetv\u00e9delmi Programr\u00f3l<\/li><li>2055\/2013. (XII. 31.) Korm. hat\u00e1rozat a 2014\u20132020 k\u00f6z\u00f6tti id\u0151szakra sz\u00f3l\u00f3 Orsz\u00e1gos Hullad\u00e9kgazd\u00e1lkod\u00e1si Tervr\u0151l<\/li><li>A Bizotts\u00e1g (2018\/c 124\/01) K\u00f6zlem\u00e9nye a technikai \u00fatmutat\u00e1s a hullad\u00e9kok oszt\u00e1lyoz\u00e1s\u00e1hoz<\/li><li>Orsz\u00e1gos Gy\u0171jt\u00e9si \u00e9s Hasznos\u00edt\u00e1si Terv (kormany.hu)<\/li><\/ul>\n\n\n\n<h2 class=\"wp-block-heading\">A k\u00f6zszolg\u00e1ltat\u00e1si tev\u00e9kenys\u00e9get szab\u00e1lyoz\u00f3 \u00f6nkorm\u00e1nyzati rendeletek:<\/h2>\n\n\n\n<p><a href=\"http:\/\/www.pevik.hu\/wp-content\/uploads\/2014\/06\/V\u00e1rasz\u00f3_\u00d6nkorm\u00e1nyzati-rendelet.pdf\">V\u00e1rasz\u00f3_\u00d6nkorm\u00e1nyzati rendelet<\/a><\/p>\n\n\n\n<p><a href=\"http:\/\/www.pevik.hu\/wp-content\/uploads\/2014\/06\/Terpes_\u00d6nkorm\u00e1nyzati-rendelet.pdf\">Terpes_\u00d6nkorm\u00e1nyzati rendelet<\/a><\/p>\n\n\n\n<p><a href=\"http:\/\/www.pevik.hu\/wp-content\/uploads\/2014\/06\/Tarnalelesz_\u00d6nkorm\u00e1nyzati-rendelet.pdf\">Tarnalelesz_\u00d6nkorm\u00e1nyzati rendelet<\/a><\/p>\n\n\n\n<p><a href=\"http:\/\/www.pevik.hu\/wp-content\/uploads\/2014\/06\/Sz\u00facs_\u00d6nkorm\u00e1nyzati-rendelet.pdf\">Sz\u00facs_\u00d6nkorm\u00e1nyzati rendelet<\/a><\/p>\n\n\n\n<p><a href=\"http:\/\/www.pevik.hu\/wp-content\/uploads\/2014\/06\/Szilv\u00e1sv\u00e1rad_\u00d6nkorm\u00e1nyzati-rendelet.pdf\">Szilv\u00e1sv\u00e1rad_\u00d6nkorm\u00e1nyzati rendelet<\/a><\/p>\n\n\n\n<p><a href=\"http:\/\/www.pevik.hu\/wp-content\/uploads\/2014\/06\/Szentdomonkos_\u00d6nkorm\u00e1nyzati-rendelet.pdf\">Szentdomonkos_\u00d6nkorm\u00e1nyzati rendelet<\/a><\/p>\n\n\n\n<p><a href=\"http:\/\/www.pevik.hu\/wp-content\/uploads\/2014\/06\/Szajla_\u00d6nkorm\u00e1nyzati-rendelet.pdf\">Szajla_\u00d6nkorm\u00e1nyzati rendelet<\/a><\/p>\n\n\n\n<p><a href=\"http:\/\/www.pevik.hu\/wp-content\/uploads\/2014\/06\/Sirok_\u00d6nkorm\u00e1nyzati-rendelet.pdf\">Sirok_\u00d6nkorm\u00e1nyzati rendelet<\/a><\/p>\n\n\n\n<p><a href=\"http:\/\/www.pevik.hu\/wp-content\/uploads\/2014\/06\/Recsk_\u00d6nkorm\u00e1nyzati-rendelet.pdf\">Recsk_\u00d6nkorm\u00e1nyzati rendelet<\/a><\/p>\n\n\n\n<p><a href=\"http:\/\/www.pevik.hu\/wp-content\/uploads\/2014\/06\/P\u00e9terv\u00e1s\u00e1ra_\u00d6nkorm\u00e1nyzati-rendelet.pdf\">P\u00e9terv\u00e1s\u00e1ra_\u00d6nkorm\u00e1nyzati rendelet<\/a><\/p>\n\n\n\n<p><a href=\"http:\/\/www.pevik.hu\/wp-content\/uploads\/2014\/06\/Par\u00e1dsasv\u00e1r_\u00d6nkorm\u00e1nyzati-rendelet.pdf\">Par\u00e1dsasv\u00e1r_\u00d6nkorm\u00e1nyzati rendelet<\/a><\/p>\n\n\n\n<p><a href=\"http:\/\/www.pevik.hu\/wp-content\/uploads\/2014\/06\/Par\u00e1d_\u00d6nkorm\u00e1nyzati-rendelet.pdf\">Par\u00e1d_\u00d6nkorm\u00e1nyzati rendelet<\/a><\/p>\n\n\n\n<p><a href=\"http:\/\/www.pevik.hu\/wp-content\/uploads\/2014\/06\/M\u00f3nosb\u00e9l_\u00d6nkorm\u00e1nyzati-rendelet.pdf\">M\u00f3nosb\u00e9l_\u00d6nkorm\u00e1nyzati rendelet<\/a><\/p>\n\n\n\n<p><a href=\"http:\/\/www.pevik.hu\/wp-content\/uploads\/2014\/06\/Mik\u00f3falva_\u00d6nkorm\u00e1nyzati-rendelet.pdf\">Mik\u00f3falva_\u00d6nkorm\u00e1nyzati rendelet<\/a><\/p>\n\n\n\n<p><a href=\"http:\/\/www.pevik.hu\/wp-content\/uploads\/2014\/06\/M\u00e1traderecske_\u00d6nkorm\u00e1nyzati-rendelet.pdf\">M\u00e1traderecske_\u00d6nkorm\u00e1nyzati rendelet<\/a><\/p>\n\n\n\n<p><a href=\"http:\/\/www.pevik.hu\/wp-content\/uploads\/2014\/06\/M\u00e1traballa_\u00d6nkorm\u00e1nyzati-rendelet.pdf\">M\u00e1traballa_\u00d6nkorm\u00e1nyzati rendelet<\/a><\/p>\n\n\n\n<p><a href=\"http:\/\/www.pevik.hu\/wp-content\/uploads\/2014\/06\/Kisf\u00fczes_\u00d6nkorm\u00e1nyzati-rendelet.pdf\">Kisf\u00fczes_\u00d6nkorm\u00e1nyzati rendelet<\/a><\/p>\n\n\n\n<p><a href=\"http:\/\/www.pevik.hu\/wp-content\/uploads\/2014\/06\/Iv\u00e1d_\u00d6nkorm\u00e1nyzati-rendelet.pdf\">Iv\u00e1d_\u00d6nkorm\u00e1nyzati rendelet<\/a><\/p>\n\n\n\n<p><a href=\"http:\/\/www.pevik.hu\/wp-content\/uploads\/2014\/06\/Istenmezeje_\u00d6nkorm\u00e1nyzati-rendelet.pdf\">Istenmezeje_\u00d6nkorm\u00e1nyzati rendelet<\/a><\/p>\n\n\n\n<p><a href=\"http:\/\/www.pevik.hu\/wp-content\/uploads\/2014\/06\/Hevesaranyos_\u00d6nkorm\u00e1nyzati-rendelet.pdf\">Hevesaranyos_\u00d6nkorm\u00e1nyzati rendelet<\/a><\/p>\n\n\n\n<p><a href=\"http:\/\/www.pevik.hu\/wp-content\/uploads\/2014\/06\/Fed\u00e9mes_\u00d6nkorm\u00e1nyzati-rendelet.pdf\">Fed\u00e9mes_\u00d6nkorm\u00e1nyzati rendelet<\/a><\/p>\n\n\n\n<p><a href=\"http:\/\/www.pevik.hu\/wp-content\/uploads\/2014\/06\/B\u00fckkszenterzs\u00e9bet_\u00d6nkorm\u00e1nyzati-rendelet.pdf\">B\u00fckkszenterzs\u00e9bet_\u00d6nkorm\u00e1nyzati rendelet<\/a><\/p>\n\n\n\n<p><a href=\"http:\/\/www.pevik.hu\/wp-content\/uploads\/2014\/06\/B\u00fckksz\u00e9k_\u00d6nkorm\u00e1nyzati-rendelet.pdf\">B\u00fckksz\u00e9k_\u00d6nkorm\u00e1nyzati rendelet<\/a><\/p>\n\n\n\n<p><a href=\"http:\/\/www.pevik.hu\/wp-content\/uploads\/2014\/06\/Bodony_\u00d6nkorm\u00e1nyzati-rendelet.pdf\">Bodony_\u00d6nkorm\u00e1nyzati rendelet<\/a><\/p>\n\n\n\n<p><a href=\"http:\/\/www.pevik.hu\/wp-content\/uploads\/2014\/06\/Bek\u00f6lce_\u00d6nkorm\u00e1nyzati-rendelet.pdf\">Bek\u00f6lce_\u00d6nkorm\u00e1nyzati rendelet<\/a><\/p>\n\n\n\n<p><a href=\"http:\/\/www.pevik.hu\/wp-content\/uploads\/2014\/06\/B\u00e1tor_\u00d6nkorm\u00e1nyzati-rendelet.pdf\">B\u00e1tor_\u00d6nkorm\u00e1nyzati rendelet<\/a><\/p>\n\n\n\n<p><a href=\"http:\/\/www.pevik.hu\/wp-content\/uploads\/2014\/06\/Balaton_\u00d6nkorm\u00e1nyzati-rendelet.pdf\">Balaton_\u00d6nkorm\u00e1nyzati rendelet<\/a><\/p>\n","protected":false},"excerpt":{"rendered":"<p>Az NHKV Zrt. \u00e1ltal felsorolt, a hullad\u00e9kgazd\u00e1lkod\u00e1si k\u00f6zszolg\u00e1ltat\u00e1st szab\u00e1lyoz\u00f3 f\u0151bb jogszab\u00e1lyi \u00e9s egy\u00e9b el\u0151\u00edr\u00e1sok: 2008\/98\/EK eur\u00f3pai parlamenti \u00e9s tan\u00e1csi ir\u00e1nyelv a hullad\u00e9kr\u00f3l \u00e9s egyes ir\u00e1nyelvek hat\u00e1lyon k\u00edv\u00fcl helyez\u00e9s\u00e9r\u0151l 2018\/851 eur\u00f3pai parlamenti \u00e9s tan\u00e1csi ir\u00e1nyelv&#46;&#46;&#46;<\/p>\n","protected":false},"author":1,"featured_media":0,"comment_status":"closed","ping_status":"open","sticky":false,"template":"","format":"standard","meta":{"footnotes":""},"categories":[1],"tags":[],"class_list":["post-352","post","type-post","status-publish","format-standard","hentry","category-egyeb"],"_links":{"self":[{"href":"https:\/\/www.pevik.hu\/index.php?rest_route=\/wp\/v2\/posts\/352","targetHints":{"allow":["GET"]}}],"collection":[{"href":"https:\/\/www.pevik.hu\/index.php?rest_route=\/wp\/v2\/posts"}],"about":[{"href":"https:\/\/www.pevik.hu\/index.php?rest_route=\/wp\/v2\/types\/post"}],"author":[{"embeddable":true,"href":"https:\/\/www.pevik.hu\/index.php?rest_route=\/wp\/v2\/users\/1"}],"replies":[{"embeddable":true,"href":"https:\/\/www.pevik.hu\/index.php?rest_route=%2Fwp%2Fv2%2Fcomments&post=352"}],"version-history":[{"count":0,"href":"https:\/\/www.pevik.hu\/index.php?rest_route=\/wp\/v2\/posts\/352\/revisions"}],"wp:attachment":[{"href":"https:\/\/www.pevik.hu\/index.php?rest_route=%2Fwp%2Fv2%2Fmedia&parent=352"}],"wp:term":[{"taxonomy":"category","embeddable":true,"href":"https:\/\/www.pevik.hu\/index.php?rest_route=%2Fwp%2Fv2%2Fcategories&post=352"},{"taxonomy":"post_tag","embeddable":true,"href":"https:\/\/www.pevik.hu\/index.php?rest_route=%2Fwp%2Fv2%2Ftags&post=352"}],"curies":[{"name":"wp","href":"https:\/\/api.w.org\/{rel}","templated":true}]}}