{"id":8625,"date":"2025-12-13T10:27:55","date_gmt":"2025-12-13T09:27:55","guid":{"rendered":"http:\/\/www.pevik.hu\/?p=8625"},"modified":"2025-12-13T10:28:00","modified_gmt":"2025-12-13T09:28:00","slug":"tajekoztatas-hulladekszallitasi-nap-valtozasarol-szarvasko","status":"publish","type":"post","link":"http:\/\/www.pevik.hu\/?p=8625","title":{"rendered":"T\u00e1j\u00e9koztat\u00e1s hullad\u00e9ksz\u00e1ll\u00edt\u00e1si nap v\u00e1ltoz\u00e1s\u00e1r\u00f3l \u2013 Szarvask\u0151"},"content":{"rendered":"\n<p><br>Ez\u00faton t\u00e1j\u00e9koztatjuk Tisztelt \u00dcgyfeleinket, hogy <strong>2026. janu\u00e1r 1-t\u0151l<\/strong> Szarvask\u0151 telep\u00fcl\u00e9sen m\u00f3dosul a kommun\u00e1lis hullad\u00e9k sz\u00e1ll\u00edt\u00e1s\u00e1nak rendje.<\/p>\n\n\n\n<p><strong>Kommun\u00e1lis hullad\u00e9kgy\u0171jt\u00e9s<\/strong><\/p>\n\n\n\n<ul class=\"wp-block-list\">\n<li><strong>2026.01.01. (cs\u00fct\u00f6rt\u00f6k) helyett a sz\u00e1ll\u00edt\u00e1s 2026.01.03-\u00e1n (szombaton) t\u00f6rt\u00e9nik meg.<\/strong><\/li>\n\n\n\n<li>Ezt k\u00f6vet\u0151en <strong>minden szerd\u00e1n<\/strong> ker\u00fcl sor a gy\u0171jt\u00e9sre, <strong>az els\u0151 szerdai \u00fcr\u00edt\u00e9s: 2026.01.07.<\/strong><\/li>\n<\/ul>\n\n\n\n<p>K\u00e9rj\u00fck, hogy a gy\u0171jt\u0151ed\u00e9nyeket az \u00fcr\u00edt\u00e9s napj\u00e1n reggel 6:00 \u00f3r\u00e1ig sz\u00edveskedjenek kihelyezni.<\/p>\n\n\n\n<p>K\u00f6sz\u00f6nj\u00fck egy\u00fcttm\u0171k\u00f6d\u00e9s\u00fcket!<\/p>\n\n\n\n<p><strong>PEVIK Nonprofit Kft.<\/strong><\/p>\n","protected":false},"excerpt":{"rendered":"<p>Ez\u00faton t\u00e1j\u00e9koztatjuk Tisztelt \u00dcgyfeleinket, hogy 2026. janu\u00e1r 1-t\u0151l Szarvask\u0151 telep\u00fcl\u00e9sen m\u00f3dosul a kommun\u00e1lis hullad\u00e9k sz\u00e1ll\u00edt\u00e1s\u00e1nak rendje. Kommun\u00e1lis hullad\u00e9kgy\u0171jt\u00e9s K\u00e9rj\u00fck, hogy a gy\u0171jt\u0151ed\u00e9nyeket az \u00fcr\u00edt\u00e9s napj\u00e1n reggel 6:00 \u00f3r\u00e1ig sz\u00edveskedjenek kihelyezni. K\u00f6sz\u00f6nj\u00fck egy\u00fcttm\u0171k\u00f6d\u00e9s\u00fcket! PEVIK Nonprofit&#46;&#46;&#46;<\/p>\n","protected":false},"author":1,"featured_media":6362,"comment_status":"closed","ping_status":"open","sticky":false,"template":"","format":"standard","meta":{"footnotes":""},"categories":[6],"tags":[],"class_list":["post-8625","post","type-post","status-publish","format-standard","has-post-thumbnail","hentry","category-hirek"],"_links":{"self":[{"href":"http:\/\/www.pevik.hu\/index.php?rest_route=\/wp\/v2\/posts\/8625","targetHints":{"allow":["GET"]}}],"collection":[{"href":"http:\/\/www.pevik.hu\/index.php?rest_route=\/wp\/v2\/posts"}],"about":[{"href":"http:\/\/www.pevik.hu\/index.php?rest_route=\/wp\/v2\/types\/post"}],"author":[{"embeddable":true,"href":"http:\/\/www.pevik.hu\/index.php?rest_route=\/wp\/v2\/users\/1"}],"replies":[{"embeddable":true,"href":"http:\/\/www.pevik.hu\/index.php?rest_route=%2Fwp%2Fv2%2Fcomments&post=8625"}],"version-history":[{"count":1,"href":"http:\/\/www.pevik.hu\/index.php?rest_route=\/wp\/v2\/posts\/8625\/revisions"}],"predecessor-version":[{"id":8626,"href":"http:\/\/www.pevik.hu\/index.php?rest_route=\/wp\/v2\/posts\/8625\/revisions\/8626"}],"wp:featuredmedia":[{"embeddable":true,"href":"http:\/\/www.pevik.hu\/index.php?rest_route=\/wp\/v2\/media\/6362"}],"wp:attachment":[{"href":"http:\/\/www.pevik.hu\/index.php?rest_route=%2Fwp%2Fv2%2Fmedia&parent=8625"}],"wp:term":[{"taxonomy":"category","embeddable":true,"href":"http:\/\/www.pevik.hu\/index.php?rest_route=%2Fwp%2Fv2%2Fcategories&post=8625"},{"taxonomy":"post_tag","embeddable":true,"href":"http:\/\/www.pevik.hu\/index.php?rest_route=%2Fwp%2Fv2%2Ftags&post=8625"}],"curies":[{"name":"wp","href":"https:\/\/api.w.org\/{rel}","templated":true}]}}