{"id":8615,"date":"2025-12-13T10:23:40","date_gmt":"2025-12-13T09:23:40","guid":{"rendered":"http:\/\/www.pevik.hu\/?p=8615"},"modified":"2025-12-13T10:26:37","modified_gmt":"2025-12-13T09:26:37","slug":"unnepi-hulladekszallitas-rendje-es-az-ugyfelszolgalat-nyitva-tartasarol","status":"publish","type":"post","link":"http:\/\/www.pevik.hu\/?p=8615","title":{"rendered":"\u00dcnnepi hullad\u00e9ksz\u00e1ll\u00edt\u00e1s rendje \u00e9s az \u00fcgyf\u00e9lszolg\u00e1lat nyitva tart\u00e1s\u00e1r\u00f3l"},"content":{"rendered":"\n<p>Tisztelt Lakoss\u00e1g!<\/p>\n\n\n\n<p>Ez\u00faton t\u00e1j\u00e9koztatjuk \u00d6n\u00f6ket, hogy a k\u00f6zelg\u0151 \u00fcnnepi id\u0151szakra val\u00f3 tekintettel a hullad\u00e9ksz\u00e1ll\u00edt\u00e1s rendje az al\u00e1bbiak szerint alakul T\u00e1rsas\u00e1gunk szolg\u00e1ltat\u00e1si ter\u00fclet\u00e9n:<\/p>\n\n\n\n<ul class=\"wp-block-list\">\n<li><strong>2025. december 24. (szerda)<\/strong><\/li>\n\n\n\n<li><strong>2025. december 25. (cs\u00fct\u00f6rt\u00f6k)<\/strong><\/li>\n\n\n\n<li><strong>2025. december 26. (p\u00e9ntek)<\/strong><\/li>\n\n\n\n<li><strong>2025. december 31. (szerda)<\/strong><\/li>\n<\/ul>\n\n\n\n<p>a hullad\u00e9ksz\u00e1ll\u00edt\u00e1s v\u00e1ltozatlanul a megszokott rendben zajlik.<\/p>\n\n\n\n<ul class=\"wp-block-list\">\n<li><strong>2026. janu\u00e1r 1. (cs\u00fct\u00f6rt\u00f6k) HELYETT a kommun\u00e1lis- \u00e9s szelekt\u00edv hullad\u00e9k<\/strong><\/li>\n\n\n\n<li><strong>2026. janu\u00e1r 3-\u00e1n (szombat) ker\u00fcl elsz\u00e1ll\u00edt\u00e1sra.<\/strong><\/li>\n<\/ul>\n\n\n\n<p><strong>\u00c9rintett telep\u00fcl\u00e9sek:<\/strong><strong><\/strong><\/p>\n\n\n\n<p>Kommun\u00e1lis hullad\u00e9k: Nagyvisny\u00f3, Szilv\u00e1sv\u00e1rad, Szarvask\u0151, Hevesaranyos, Egercsehi<\/p>\n\n\n\n<p>Szelekt\u00edv hullad\u00e9k: Egercsehi, Nagyvisny\u00f3, Szilv\u00e1sv\u00e1rad, Tarnaszentm\u00e1ria, Verpel\u00e9t, Szarvask\u0151<\/p>\n\n\n\n<p>K\u00e9rj\u00fck, gondoskodjanak r\u00f3la, hogy a hullad\u00e9kgy\u0171jt\u0151 ed\u00e9nyeket legk\u00e9s\u0151bb reggel 6 \u00f3r\u00e1ig helyezz\u00e9k ki az adott napon.<\/p>\n\n\n\n<p>\u00dcgyf\u00e9lszolg\u00e1lati irod\u00e1nk nyitva tart\u00e1sa az \u00fcnnepek alatt:<\/p>\n\n\n\n<ul class=\"wp-block-list\">\n<li><strong>2025. december 13. szombat Z\u00c1RVA<\/strong><br><\/li>\n\n\n\n<li><strong>2025. december 22. h\u00e9tf\u0151 7:30 \u2013 19:30<\/strong><\/li>\n\n\n\n<li><strong>2025. december 23. kedd 8:00 \u2013 12:00<\/strong><\/li>\n\n\n\n<li><strong>2025. december 24. szerda Z\u00c1RVA<\/strong><\/li>\n\n\n\n<li><strong>2025. december 25. cs\u00fct\u00f6rt\u00f6k Z\u00c1RVA<\/strong><\/li>\n\n\n\n<li><strong>2025. december 26. p\u00e9ntek Z\u00c1RVA<\/strong><br><\/li>\n\n\n\n<li><strong>2025. december 29. h\u00e9tf\u0151 7:30 \u2013 19:30<\/strong><\/li>\n\n\n\n<li><strong>2025. december 30. kedd 8:00 \u2013 15:30<\/strong><\/li>\n\n\n\n<li><strong>2025. december 31. szerda Z\u00c1RVA<\/strong><br><\/li>\n\n\n\n<li><strong>2026. janu\u00e1r 1. cs\u00fct\u00f6rt\u00f6k Z\u00c1RVA<\/strong><\/li>\n\n\n\n<li><strong>2026. janu\u00e1r 2. p\u00e9ntek Z\u00c1RVA<\/strong><\/li>\n\n\n\n<li><strong>2026. janu\u00e1r 10. szombat Z\u00c1RVA<\/strong><\/li>\n<\/ul>\n\n\n\n<hr class=\"wp-block-separator has-alpha-channel-opacity\"\/>\n\n\n\n<h3 class=\"wp-block-heading has-text-align-center\"><strong>Minden kedves \u00dcgyfel\u00fcnknek \u00c1ldott Kar\u00e1csonyi \u00dcnnepeket \u00e9s Boldog \u00daj \u00c9vet k\u00edv\u00e1n a PEVIK <\/strong><br><strong>Nonprofit Kft.<\/strong><\/h3>\n","protected":false},"excerpt":{"rendered":"<p>Tisztelt Lakoss\u00e1g! Ez\u00faton t\u00e1j\u00e9koztatjuk \u00d6n\u00f6ket, hogy a k\u00f6zelg\u0151 \u00fcnnepi id\u0151szakra val\u00f3 tekintettel a hullad\u00e9ksz\u00e1ll\u00edt\u00e1s rendje az al\u00e1bbiak szerint alakul T\u00e1rsas\u00e1gunk szolg\u00e1ltat\u00e1si ter\u00fclet\u00e9n: a hullad\u00e9ksz\u00e1ll\u00edt\u00e1s v\u00e1ltozatlanul a megszokott rendben zajlik. \u00c9rintett telep\u00fcl\u00e9sek: Kommun\u00e1lis hullad\u00e9k: Nagyvisny\u00f3,&#46;&#46;&#46;<\/p>\n","protected":false},"author":1,"featured_media":6285,"comment_status":"closed","ping_status":"open","sticky":false,"template":"","format":"standard","meta":{"footnotes":""},"categories":[6],"tags":[52,24,14],"class_list":["post-8615","post","type-post","status-publish","format-standard","has-post-thumbnail","hentry","category-hirek","tag-52","tag-tajekoztatas","tag-ugyfelszolgalat"],"_links":{"self":[{"href":"http:\/\/www.pevik.hu\/index.php?rest_route=\/wp\/v2\/posts\/8615","targetHints":{"allow":["GET"]}}],"collection":[{"href":"http:\/\/www.pevik.hu\/index.php?rest_route=\/wp\/v2\/posts"}],"about":[{"href":"http:\/\/www.pevik.hu\/index.php?rest_route=\/wp\/v2\/types\/post"}],"author":[{"embeddable":true,"href":"http:\/\/www.pevik.hu\/index.php?rest_route=\/wp\/v2\/users\/1"}],"replies":[{"embeddable":true,"href":"http:\/\/www.pevik.hu\/index.php?rest_route=%2Fwp%2Fv2%2Fcomments&post=8615"}],"version-history":[{"count":7,"href":"http:\/\/www.pevik.hu\/index.php?rest_route=\/wp\/v2\/posts\/8615\/revisions"}],"predecessor-version":[{"id":8624,"href":"http:\/\/www.pevik.hu\/index.php?rest_route=\/wp\/v2\/posts\/8615\/revisions\/8624"}],"wp:featuredmedia":[{"embeddable":true,"href":"http:\/\/www.pevik.hu\/index.php?rest_route=\/wp\/v2\/media\/6285"}],"wp:attachment":[{"href":"http:\/\/www.pevik.hu\/index.php?rest_route=%2Fwp%2Fv2%2Fmedia&parent=8615"}],"wp:term":[{"taxonomy":"category","embeddable":true,"href":"http:\/\/www.pevik.hu\/index.php?rest_route=%2Fwp%2Fv2%2Fcategories&post=8615"},{"taxonomy":"post_tag","embeddable":true,"href":"http:\/\/www.pevik.hu\/index.php?rest_route=%2Fwp%2Fv2%2Ftags&post=8615"}],"curies":[{"name":"wp","href":"https:\/\/api.w.org\/{rel}","templated":true}]}}