{"id":364,"date":"2016-07-12T12:44:37","date_gmt":"2016-07-12T10:44:37","guid":{"rendered":"http:\/\/www.pevik.hu\/?p=364"},"modified":"2016-07-12T12:44:37","modified_gmt":"2016-07-12T10:44:37","slug":"altalanos-tajekoztato","status":"publish","type":"post","link":"http:\/\/www.pevik.hu\/?p=364","title":{"rendered":"\u00c1ltal\u00e1nos t\u00e1j\u00e9koztat\u00f3"},"content":{"rendered":"<h2>a hullad\u00e9k k\u00f6zszolg\u00e1ltat\u00e1s 2016. \u00e1prilis 1. ut\u00e1ni- sz\u00e1ml\u00e1z\u00e1s rendj\u00e9r\u0151l, a feladat megoszt\u00e1sr\u00f3l<\/h2>\n<p>&nbsp;<\/p>\n<p style=\"text-align: justify;\">T\u00e1j\u00e9koztatjuk, hogy 2016. \u00e1prilis 1.-vel a hullad\u00e9kgazd\u00e1lkod\u00e1s folyamat\u00e1ba, az \u00e1llami feladatk\u00f6r ell\u00e1t\u00e1s\u00e1ra a t\u00f6rv\u00e9nym\u00f3dos\u00edt\u00e1s beemelte az NHKV Nemzeti Hullad\u00e9kgazd\u00e1lkod\u00e1si Koordin\u00e1l\u00f3 \u00e9s Vagyonkezel\u0151 Zrt.-t. (NHKV Zrt.) A feladatmegoszt\u00e1s k\u00f6vetkezt\u00e9ben az NHKV Zrt. jogosult a k\u00f6zszolg\u00e1ltat\u00e1si d\u00edjsz\u00e1ml\u00e1z\u00e1si, d\u00edjbeszed\u00e9si, valamint a d\u00edjh\u00e1tral\u00e9k-kezel\u00e9si feladat ell\u00e1t\u00e1s\u00e1ra, ez\u00e9rt 2016. \u00e1prilis 1-j\u00e9t k\u00f6vet\u0151en teljes\u00edtett k\u00f6zszolg\u00e1ltat\u00e1si sz\u00e1ml\u00e1t az NHKV Zrt., vagy megb\u00edzottja \u00e1ll\u00edtja ki az \u00d6n\u00f6k r\u00e9sz\u00e9re.<\/p>\n<p style=\"text-align: justify;\">Az NHKV Zrt. els\u0151dlegesen a magyarorsz\u00e1gi hullad\u00e9kgazd\u00e1lkod\u00e1si k\u00f6zszolg\u00e1ltat\u00e1s ter\u00fcletileg optimaliz\u00e1lt \u00e9s szolg\u00e1ltat\u00e1si sz\u00ednvonal\u00e1ban egys\u00e9ges rendszer\u00e9t hivatott kialak\u00edtani \u00e9s fejleszteni, hossz\u00fat\u00e1von fenntarthat\u00f3 finansz\u00edroz\u00e1si rendszer \u00e9s nullszald\u00f3s \u00e1gazati m\u0171k\u00f6d\u00e9s megval\u00f3s\u00edt\u00e1s\u00e1val.<\/p>\n<hr \/>\n<p><strong>Nemzeti Hullad\u00e9kgazd\u00e1lkod\u00e1si Koordin\u00e1l\u00f3 \u00e9s Vagyonkezel\u0151 Zrt. el\u00e9rhet\u0151s\u00e9ge<\/strong><br \/>\nC\u00edm: 1011 Budapest, Iskola utca 13.<br \/>\nE-mail: info@nhkv.hu<br \/>\nHonlap: www.nhkv.hu<br \/>\nTelefon: 06-70\/399-05-07<\/p>\n<hr \/>\n<p><strong>NHKV Zrt., mint Koordin\u00e1l\u00f3 Szerv feladatai a hullad\u00e9kr\u00f3l sz\u00f3l\u00f3 2012. \u00e9vi CLXXXV. t\u00f6rv\u00e9ny 32\/A. \u00a7 (1) bekezd\u00e9s hat\u00e1lyos rendelkez\u00e9sei szerint a k\u00f6vetkez\u0151k:<\/strong><\/p>\n<ul>\n<li>meghat\u00e1rozza a hullad\u00e9kgazd\u00e1lkod\u00e1s orsz\u00e1gos c\u00e9ljait,<\/li>\n<li>meghat\u00e1rozza a hullad\u00e9kgazd\u00e1lkod\u00e1s fejleszt\u00e9s\u00e9nek ir\u00e1nyait,<\/li>\n<li>ell\u00e1tja az \u00f6nkorm\u00e1nyzatok k\u00f6z\u00f6tti \u00e9s a region\u00e1lis koordin\u00e1ci\u00f3t,<\/li>\n<li>elk\u00e9sz\u00edti az Orsz\u00e1gos Hullad\u00e9kgazd\u00e1lkod\u00e1si K\u00f6zszolg\u00e1ltat\u00e1si Tervet, amely t\u00f6bbek k\u00f6z\u00f6tt meghat\u00e1rozza a k\u00f6zszolg\u00e1ltat\u00e1s ell\u00e1t\u00e1s\u00e1nak optim\u00e1lis ter\u00fcleti lehat\u00e1rol\u00e1s\u00e1t \u00e9s az adott ter\u00fcleten minim\u00e1lisan ell\u00e1tand\u00f3 k\u00f6zszolg\u00e1ltat\u00e1si feladatokat,<\/li>\n<li>meg\u00e1llap\u00edtja, hogy a hullad\u00e9kgazd\u00e1lkod\u00e1si k\u00f6zszolg\u00e1ltat\u00e1si rendszerelem fejleszt\u00e9se megfelel-e az Orsz\u00e1gos Hullad\u00e9kgazd\u00e1lkod\u00e1si K\u00f6zszolg\u00e1ltat\u00e1si Tervnek,<\/li>\n<li>meg\u00e1llap\u00edtja, hogy a k\u00f6zszolg\u00e1ltat\u00f3 tev\u00e9kenys\u00e9ge megfelel-e az Orsz\u00e1gos Hullad\u00e9kgazd\u00e1lkod\u00e1si K\u00f6zszolg\u00e1ltat\u00e1si Tervben foglaltaknak, \u00e9s arr\u00f3l v\u00e9lem\u00e9nyt \u00e1ll\u00edt ki (a tov\u00e1bbiakban: megfelel\u0151s\u00e9gi v\u00e9lem\u00e9ny),<\/li>\n<li>a hullad\u00e9kgazd\u00e1lkod\u00e1s orsz\u00e1gos szint\u0171 c\u00e9ljainak \u00e9s fejleszt\u00e9si ir\u00e1nyainak teljes\u00fcl\u00e9se \u00e9rdek\u00e9ben kialak\u00edtja az infrastruktur\u00e1lis er\u0151forr\u00e1sok optim\u00e1lis haszn\u00e1lat\u00e1nak rendszer\u00e9t;<\/li>\n<li>kezeli az \u00f6nkorm\u00e1nyzatok, \u00f6nkorm\u00e1nyzati t\u00e1rsul\u00e1sok \u00e1ltal \u00f6nk\u00e9ntesen vagyonkezel\u00e9s k\u00f6r\u00e9ben r\u00e1b\u00edzott vagyont;<\/li>\n<li>beszedi a k\u00f6zszolg\u00e1ltat\u00e1si d\u00edjat \u00e9s kifizeti a k\u00f6zszolg\u00e1ltat\u00f3knak a hullad\u00e9kgazd\u00e1lkod\u00e1si k\u00f6zszolg\u00e1ltat\u00e1si d\u00edj meg\u00e1llap\u00edt\u00e1s\u00e1\u00e9rt felel\u0151s miniszter \u00e1ltal meghat\u00e1rozott szolg\u00e1ltat\u00e1si d\u00edjat,<\/li>\n<li>kezeli a k\u00f6zszolg\u00e1ltat\u00e1s keret\u00e9ben keletkez\u0151 kintl\u00e9v\u0151s\u00e9geket<\/li>\n<\/ul>\n","protected":false},"excerpt":{"rendered":"<p>a hullad\u00e9k k\u00f6zszolg\u00e1ltat\u00e1s 2016. \u00e1prilis 1. ut\u00e1ni- sz\u00e1ml\u00e1z\u00e1s rendj\u00e9r\u0151l, a feladat megoszt\u00e1sr\u00f3l &nbsp; T\u00e1j\u00e9koztatjuk, hogy 2016. \u00e1prilis 1.-vel a hullad\u00e9kgazd\u00e1lkod\u00e1s folyamat\u00e1ba, az \u00e1llami feladatk\u00f6r ell\u00e1t\u00e1s\u00e1ra a t\u00f6rv\u00e9nym\u00f3dos\u00edt\u00e1s beemelte az NHKV Nemzeti Hullad\u00e9kgazd\u00e1lkod\u00e1si Koordin\u00e1l\u00f3 \u00e9s&#46;&#46;&#46;<\/p>\n","protected":false},"author":1,"featured_media":373,"comment_status":"closed","ping_status":"open","sticky":false,"template":"","format":"standard","meta":{"footnotes":""},"categories":[6],"tags":[22,23,24],"class_list":["post-364","post","type-post","status-publish","format-standard","has-post-thumbnail","hentry","category-hirek","tag-22","tag-nhkv","tag-tajekoztatas"],"_links":{"self":[{"href":"http:\/\/www.pevik.hu\/index.php?rest_route=\/wp\/v2\/posts\/364","targetHints":{"allow":["GET"]}}],"collection":[{"href":"http:\/\/www.pevik.hu\/index.php?rest_route=\/wp\/v2\/posts"}],"about":[{"href":"http:\/\/www.pevik.hu\/index.php?rest_route=\/wp\/v2\/types\/post"}],"author":[{"embeddable":true,"href":"http:\/\/www.pevik.hu\/index.php?rest_route=\/wp\/v2\/users\/1"}],"replies":[{"embeddable":true,"href":"http:\/\/www.pevik.hu\/index.php?rest_route=%2Fwp%2Fv2%2Fcomments&post=364"}],"version-history":[{"count":0,"href":"http:\/\/www.pevik.hu\/index.php?rest_route=\/wp\/v2\/posts\/364\/revisions"}],"wp:featuredmedia":[{"embeddable":true,"href":"http:\/\/www.pevik.hu\/index.php?rest_route=\/wp\/v2\/media\/373"}],"wp:attachment":[{"href":"http:\/\/www.pevik.hu\/index.php?rest_route=%2Fwp%2Fv2%2Fmedia&parent=364"}],"wp:term":[{"taxonomy":"category","embeddable":true,"href":"http:\/\/www.pevik.hu\/index.php?rest_route=%2Fwp%2Fv2%2Fcategories&post=364"},{"taxonomy":"post_tag","embeddable":true,"href":"http:\/\/www.pevik.hu\/index.php?rest_route=%2Fwp%2Fv2%2Ftags&post=364"}],"curies":[{"name":"wp","href":"https:\/\/api.w.org\/{rel}","templated":true}]}}