{"id":1913,"date":"2021-08-12T15:41:41","date_gmt":"2021-08-12T13:41:41","guid":{"rendered":"http:\/\/www.pevik.hu\/?p=1913"},"modified":"2021-08-12T15:41:42","modified_gmt":"2021-08-12T13:41:42","slug":"lakossagi-elektronikai-hulladekgyujtes","status":"publish","type":"post","link":"http:\/\/www.pevik.hu\/?p=1913","title":{"rendered":"Lakoss\u00e1gi elektronikai hullad\u00e9kgy\u0171jt\u00e9s"},"content":{"rendered":"\n<p>\u00d6r\u00f6mmel \u00e9rtes\u00edtj\u00fck a lakoss\u00e1got, <strong>hogy partner\u00fcnkkel k\u00f6z\u00f6sen elektronikai hullad\u00e9kgy\u0171jt\u00e9st szervez\u00fcnk a szolg\u00e1ltat\u00e1si ter\u00fclet\u00fcnk majdnem mindegyik telep\u00fcl\u00e9s\u00e9n. A hullad\u00e9kot augusztus, szeptember \u00e9s okt\u00f3ber h\u00f3napokban adhatja le d\u00edjmentesen a lakoss\u00e1g a helyi \u00f6nkorm\u00e1nyzat \u00e1ltal kijel\u00f6lt ter\u00fcleten \u00e9s id\u0151pontban.<\/strong><\/p>\n\n\n\n<p>Minden olyan berendez\u00e9st le lehet adni, ami elektromos \u00e1rammal m\u0171k\u00f6dik (h\u0171t\u0151, fagyaszt\u00f3, telev\u00edzi\u00f3, bojler, mos\u00f3g\u00e9p, porsz\u00edv\u00f3, elektromos konyhai berendez\u00e9sek, sz\u00e1m\u00edt\u00f3g\u00e9pek, nyomtat\u00f3k, f\u00e9nym\u00e1sol\u00f3k, telefon, r\u00e1di\u00f3, videoberendez\u00e9sek, elektromos kertig\u00e9pek, bark\u00e1csg\u00e9pek, vil\u00e1g\u00edt\u00e1s armat\u00far\u00e1k, j\u00e1t\u00e9kkonzolok).<\/p>\n\n\n\n<p>A k\u00f6vetkez\u0151 hullad\u00e9kokat azonban nem lehet ezen gy\u0171jt\u00e9s keretein bel\u00fcl leadni: orvostechnikai eszk\u00f6z\u00f6k, f\u00f6ldf\u00e9m-k\u00e1bel, ipari aluk\u00e1bel, radioakt\u00edv berendez\u00e9sek, f\u00e9nycs\u00f6vek, aut\u00f3 akkumul\u00e1tor, napelem, robban\u00e1svesz\u00e9lyes eszk\u00f6z\u00f6k.<\/p>\n\n\n\n<p>A r\u00e9szletekr\u0151l, k\u00e9rj\u00fck, \u00e9rdekl\u0151dj\u00f6n a helyi \u00f6nkorm\u00e1nyzatn\u00e1l!<\/p>\n\n\n\n<p>PEVIK K\u00f6z\u00fczemi \u00e9s Szolg\u00e1ltat\u00f3 Nonprofit Kft.<\/p>\n","protected":false},"excerpt":{"rendered":"<p>\u00d6r\u00f6mmel \u00e9rtes\u00edtj\u00fck a lakoss\u00e1got, hogy partner\u00fcnkkel k\u00f6z\u00f6sen elektronikai hullad\u00e9kgy\u0171jt\u00e9st szervez\u00fcnk a szolg\u00e1ltat\u00e1si ter\u00fclet\u00fcnk majdnem mindegyik telep\u00fcl\u00e9s\u00e9n. A hullad\u00e9kot augusztus, szeptember \u00e9s okt\u00f3ber h\u00f3napokban adhatja le d\u00edjmentesen a lakoss\u00e1g a helyi \u00f6nkorm\u00e1nyzat \u00e1ltal kijel\u00f6lt ter\u00fcleten&#46;&#46;&#46;<\/p>\n","protected":false},"author":1,"featured_media":1914,"comment_status":"closed","ping_status":"open","sticky":false,"template":"","format":"standard","meta":{"footnotes":""},"categories":[6],"tags":[31,4,24],"class_list":["post-1913","post","type-post","status-publish","format-standard","has-post-thumbnail","hentry","category-hirek","tag-31","tag-kornyezetvedelem","tag-tajekoztatas"],"_links":{"self":[{"href":"http:\/\/www.pevik.hu\/index.php?rest_route=\/wp\/v2\/posts\/1913","targetHints":{"allow":["GET"]}}],"collection":[{"href":"http:\/\/www.pevik.hu\/index.php?rest_route=\/wp\/v2\/posts"}],"about":[{"href":"http:\/\/www.pevik.hu\/index.php?rest_route=\/wp\/v2\/types\/post"}],"author":[{"embeddable":true,"href":"http:\/\/www.pevik.hu\/index.php?rest_route=\/wp\/v2\/users\/1"}],"replies":[{"embeddable":true,"href":"http:\/\/www.pevik.hu\/index.php?rest_route=%2Fwp%2Fv2%2Fcomments&post=1913"}],"version-history":[{"count":0,"href":"http:\/\/www.pevik.hu\/index.php?rest_route=\/wp\/v2\/posts\/1913\/revisions"}],"wp:featuredmedia":[{"embeddable":true,"href":"http:\/\/www.pevik.hu\/index.php?rest_route=\/wp\/v2\/media\/1914"}],"wp:attachment":[{"href":"http:\/\/www.pevik.hu\/index.php?rest_route=%2Fwp%2Fv2%2Fmedia&parent=1913"}],"wp:term":[{"taxonomy":"category","embeddable":true,"href":"http:\/\/www.pevik.hu\/index.php?rest_route=%2Fwp%2Fv2%2Fcategories&post=1913"},{"taxonomy":"post_tag","embeddable":true,"href":"http:\/\/www.pevik.hu\/index.php?rest_route=%2Fwp%2Fv2%2Ftags&post=1913"}],"curies":[{"name":"wp","href":"https:\/\/api.w.org\/{rel}","templated":true}]}}